{"id":958,"date":"2024-03-01T09:25:15","date_gmt":"2024-03-01T08:25:15","guid":{"rendered":"https:\/\/prenergy.es\/prenergy-promovera-la-sostenibilidad-y-la-eficiencia-energetica-en-el-poligono-industrial-de-riudellots-de-la-selva\/"},"modified":"2024-03-01T09:27:28","modified_gmt":"2024-03-01T08:27:28","slug":"prenergy-promovera-la-sostenibilidad-y-la-eficiencia-energetica-en-el-poligono-industrial-de-riudellots-de-la-selva","status":"publish","type":"post","link":"https:\/\/prenergy.es\/ca\/prenergy-promovera-la-sostenibilidad-y-la-eficiencia-energetica-en-el-poligono-industrial-de-riudellots-de-la-selva\/","title":{"rendered":"Prenergy promour\u00e0 la sostenibilitat i l&#8217;efici\u00e8ncia energ\u00e8tica al pol\u00edgon industrial de Riudellots de la Selva"},"content":{"rendered":"<p><b>Prenergy, juntament amb Solventa 6, ha signat un acord amb l&#8217;Associaci\u00f3 de Propietaris del Pol\u00edgon Industrial de Riudellots de la Selva per promoure l&#8217;economia circular i millorar l&#8217;efici\u00e8ncia energ\u00e8tica.<\/b><\/p>\n<p><span style=\"font-weight: 400;\">L&#8217;Associaci\u00f3 de Propietaris del Pol\u00edgon Industrial de Riudellots de la Selva (APRS), amb l&#8217;objectiu de fomentar l&#8217;efici\u00e8ncia energ\u00e8tica i la sostenibilitat de les empreses que en formen part, ha triat PRENERGY i Solventa 6 com a socis per a la creaci\u00f3 d&#8217;una comunitat energ\u00e8tica per fomentar l&#8217;autoconsum entre les empreses de l&#8217;Associaci\u00f3. Aquesta iniciativa busca promoure la producci\u00f3, el consum, l&#8217;emmagatzematge i la compartici\u00f3 d&#8217;energia renovable, en benefici de les pr\u00f2pies empreses i del medi ambient.<\/span><\/p>\n<p><span style=\"font-weight: 400;\">L&#8217;alian\u00e7a, que s&#8217;ha signat aquest mes de febrer, \u00e9s el resultat d&#8217;un concurs promogut per la APRS en el qual han participat diverses corporacions especialitzades en el sector de les renovables. L&#8217;acord signat t\u00e9 com a prioritat promoure la sostenibilitat a partir de la utilitzaci\u00f3 d&#8217;energia local renovable i est\u00e0 obert a incloure altres serveis que proporcionen les diferents filials del Grup RUBAU, com el desenvolupament i la gesti\u00f3 integral de projectes de biog\u00e0s i biomassa, estacions de rec\u00e0rrega de vehicles el\u00e8ctrics, gesti\u00f3 de residus, sanejament i tractament d&#8217;aigua, aix\u00ed com la rehabilitaci\u00f3 d&#8217;edificis.<\/span><\/p>\n<p><span style=\"font-weight: 400;\">Els membres de la APRS, una organitzaci\u00f3 sense \u00e0nim de lucre que defensa els interessos de les seves empreses vinculades, tindran la possibilitat de formar part de la comunitat energ\u00e8tica beneficiant-se dels projectes energ\u00e8tics que impulsin PRENERGY i Solventa 6. L&#8217;acord preveu la prestaci\u00f3 de serveis a trav\u00e9s de societats de conversi\u00f3, on els associats puguin invertir fons propis, per\u00f2 tamb\u00e9 deixa la porta oberta a la contractaci\u00f3 de serveis sense inversi\u00f3, per\u00f2 obtenint el benefici del model agregat que comporta l&#8217;acord.<\/span><\/p>\n<p><span style=\"font-weight: 400;\">Al pol\u00edgon industrial de Riudellots de la Selva actualment s&#8217;ubiquen m\u00e9s de 150 empreses, de les quals m\u00e9s del 60% es troben adscrites a la APRS. Aquest conglomerat empresarial genera una facturaci\u00f3 anual que supera els 2.000 milions d&#8217;euros i proporciona ocupaci\u00f3 a m\u00e9s de 10.000 persones. L&#8217;associaci\u00f3 est\u00e0 conven\u00e7uda que establir una comunitat energ\u00e8tica dins d&#8217;aquest \u00e0mbit industrial ser\u00e0 clau per augmentar l&#8217;efici\u00e8ncia energ\u00e8tica i minimitzar l&#8217;impacte ecol\u00f2gic, impulsant aix\u00ed l&#8217;adopci\u00f3 d&#8217;energies renovables entre les seves empreses i la millora de la seva competitivitat. En paraules de Narc\u00eds Xifra, president de la APRS, &#8220;l&#8217;acord que hem signat amb Grup Rubau i Solventa 6 \u00e9s un clar exemple del comprom\u00eds del nostre Pol\u00edgon per a l&#8217;economia circular i la promoci\u00f3 econ\u00f2mica del nostre territori. La creaci\u00f3 de comunitats energ\u00e8tiques permetr\u00e0 als nostres associats produir, consumir, emmagatzemar i compartir energia renovable, la qual cosa suposar\u00e0 un benefici econ\u00f2mic per a les nostres empreses alhora que es potenciar\u00e0 la transici\u00f3 energ\u00e8tica del nostre Pol\u00edgon cap a un model m\u00e9s sostenible&#8221;.<\/span><\/p>\n<p><span style=\"font-weight: 400;\">PRENERGY, la filial de serveis energ\u00e8tics de Grup Rubau, va n\u00e9ixer a partir de la demanda dels clients del nostre grup empresarial per oferir tot tipus de solucions integrals per als seus projectes, promovent l&#8217;economia circular, aquest model de producci\u00f3 i consum que implica compartir, reutilitzar, reparar, renovar i reciclar els materials i els productes existents per allargar el seu cicle de vida. L&#8217;acord signat aquest mes amb la APRS \u00e9s un clar exemple del comprom\u00eds de Grup RUBAU amb la transici\u00f3 energ\u00e8tica que ens permet situar-nos com a un soci efica\u00e7 en aquest camp tant per a les administracions p\u00fabliques com per als promotors privats i la ind\u00fastria.<\/span><\/p>\n","protected":false},"excerpt":{"rendered":"<p>Prenergy, juntament amb Solventa 6, ha signat un acord amb l&#8217;Associaci\u00f3 de Propietaris del Pol\u00edgon Industrial de Riudellots de la Selva per promoure l&#8217;economia circular i millorar l&#8217;efici\u00e8ncia energ\u00e8tica. L&#8217;Associaci\u00f3 de Propietaris del Pol\u00edgon Industrial de Riudellots de la Selva (APRS), amb l&#8217;objectiu de fomentar&#8230;<\/p>\n","protected":false},"author":2,"featured_media":955,"comment_status":"open","ping_status":"open","sticky":false,"template":"","format":"standard","meta":{"_jetpack_memberships_contains_paid_content":false,"footnotes":""},"categories":[26],"tags":[],"class_list":["post-958","post","type-post","status-publish","format-standard","has-post-thumbnail","hentry","category-sin-categorizar-ca"],"yoast_head":"<!-- This site is optimized with the Yoast SEO plugin v27.2 - https:\/\/yoast.com\/product\/yoast-seo-wordpress\/ -->\n<title>Prenergy promour\u00e0 la sostenibilitat i l&#039;efici\u00e8ncia energ\u00e8tica al pol\u00edgon industrial de Riudellots de la Selva - PRENERGY<\/title>\n<meta name=\"robots\" content=\"index, follow, max-snippet:-1, max-image-preview:large, max-video-preview:-1\" \/>\n<link rel=\"canonical\" href=\"https:\/\/prenergy.es\/ca\/prenergy-promovera-la-sostenibilidad-y-la-eficiencia-energetica-en-el-poligono-industrial-de-riudellots-de-la-selva\/\" \/>\n<meta property=\"og:locale\" content=\"ca_ES\" \/>\n<meta property=\"og:type\" content=\"article\" \/>\n<meta property=\"og:title\" content=\"Prenergy promour\u00e0 la sostenibilitat i l&#039;efici\u00e8ncia energ\u00e8tica al pol\u00edgon industrial de Riudellots de la Selva - PRENERGY\" \/>\n<meta property=\"og:description\" content=\"Prenergy, juntament amb Solventa 6, ha signat un acord amb l&#8217;Associaci\u00f3 de Propietaris del Pol\u00edgon Industrial de Riudellots de la Selva per promoure l&#8217;economia circular i millorar l&#8217;efici\u00e8ncia energ\u00e8tica. L&#8217;Associaci\u00f3 de Propietaris del Pol\u00edgon Industrial de Riudellots de la Selva (APRS), amb l&#8217;objectiu de fomentar...\" \/>\n<meta property=\"og:url\" content=\"https:\/\/prenergy.es\/ca\/prenergy-promovera-la-sostenibilidad-y-la-eficiencia-energetica-en-el-poligono-industrial-de-riudellots-de-la-selva\/\" \/>\n<meta property=\"og:site_name\" content=\"PRENERGY\" \/>\n<meta property=\"article:published_time\" content=\"2024-03-01T08:25:15+00:00\" \/>\n<meta property=\"article:modified_time\" content=\"2024-03-01T08:27:28+00:00\" \/>\n<meta property=\"og:image\" content=\"https:\/\/prenergy.es\/wp-content\/uploads\/2024\/03\/El-texto-del-parrafo.jpg\" \/>\n\t<meta property=\"og:image:width\" content=\"1024\" \/>\n\t<meta property=\"og:image:height\" content=\"768\" \/>\n\t<meta property=\"og:image:type\" content=\"image\/jpeg\" \/>\n<meta name=\"author\" content=\"prenergy\" \/>\n<meta name=\"twitter:card\" content=\"summary_large_image\" \/>\n<meta name=\"twitter:label1\" content=\"Escrit per\" \/>\n\t<meta name=\"twitter:data1\" content=\"prenergy\" \/>\n\t<meta name=\"twitter:label2\" content=\"Temps estimat de lectura\" \/>\n\t<meta name=\"twitter:data2\" content=\"3 minuts\" \/>\n<script type=\"application\/ld+json\" class=\"yoast-schema-graph\">{\"@context\":\"https:\/\/schema.org\",\"@graph\":[{\"@type\":\"Article\",\"@id\":\"https:\/\/prenergy.es\/ca\/prenergy-promovera-la-sostenibilidad-y-la-eficiencia-energetica-en-el-poligono-industrial-de-riudellots-de-la-selva\/#article\",\"isPartOf\":{\"@id\":\"https:\/\/prenergy.es\/ca\/prenergy-promovera-la-sostenibilidad-y-la-eficiencia-energetica-en-el-poligono-industrial-de-riudellots-de-la-selva\/\"},\"author\":{\"name\":\"prenergy\",\"@id\":\"https:\/\/prenergy.es\/ca\/#\/schema\/person\/9dc7fcae2034c37262ea672ba7fac7e0\"},\"headline\":\"Prenergy promour\u00e0 la sostenibilitat i l&#8217;efici\u00e8ncia energ\u00e8tica al pol\u00edgon industrial de Riudellots de la Selva\",\"datePublished\":\"2024-03-01T08:25:15+00:00\",\"dateModified\":\"2024-03-01T08:27:28+00:00\",\"mainEntityOfPage\":{\"@id\":\"https:\/\/prenergy.es\/ca\/prenergy-promovera-la-sostenibilidad-y-la-eficiencia-energetica-en-el-poligono-industrial-de-riudellots-de-la-selva\/\"},\"wordCount\":640,\"commentCount\":0,\"image\":{\"@id\":\"https:\/\/prenergy.es\/ca\/prenergy-promovera-la-sostenibilidad-y-la-eficiencia-energetica-en-el-poligono-industrial-de-riudellots-de-la-selva\/#primaryimage\"},\"thumbnailUrl\":\"https:\/\/prenergy.es\/wp-content\/uploads\/2024\/03\/El-texto-del-parrafo.jpg\",\"articleSection\":[\"Sin categorizar\"],\"inLanguage\":\"ca\",\"potentialAction\":[{\"@type\":\"CommentAction\",\"name\":\"Comment\",\"target\":[\"https:\/\/prenergy.es\/ca\/prenergy-promovera-la-sostenibilidad-y-la-eficiencia-energetica-en-el-poligono-industrial-de-riudellots-de-la-selva\/#respond\"]}]},{\"@type\":\"WebPage\",\"@id\":\"https:\/\/prenergy.es\/ca\/prenergy-promovera-la-sostenibilidad-y-la-eficiencia-energetica-en-el-poligono-industrial-de-riudellots-de-la-selva\/\",\"url\":\"https:\/\/prenergy.es\/ca\/prenergy-promovera-la-sostenibilidad-y-la-eficiencia-energetica-en-el-poligono-industrial-de-riudellots-de-la-selva\/\",\"name\":\"Prenergy promour\u00e0 la sostenibilitat i l'efici\u00e8ncia energ\u00e8tica al pol\u00edgon industrial de Riudellots de la Selva - PRENERGY\",\"isPartOf\":{\"@id\":\"https:\/\/prenergy.es\/ca\/#website\"},\"primaryImageOfPage\":{\"@id\":\"https:\/\/prenergy.es\/ca\/prenergy-promovera-la-sostenibilidad-y-la-eficiencia-energetica-en-el-poligono-industrial-de-riudellots-de-la-selva\/#primaryimage\"},\"image\":{\"@id\":\"https:\/\/prenergy.es\/ca\/prenergy-promovera-la-sostenibilidad-y-la-eficiencia-energetica-en-el-poligono-industrial-de-riudellots-de-la-selva\/#primaryimage\"},\"thumbnailUrl\":\"https:\/\/prenergy.es\/wp-content\/uploads\/2024\/03\/El-texto-del-parrafo.jpg\",\"datePublished\":\"2024-03-01T08:25:15+00:00\",\"dateModified\":\"2024-03-01T08:27:28+00:00\",\"author\":{\"@id\":\"https:\/\/prenergy.es\/ca\/#\/schema\/person\/9dc7fcae2034c37262ea672ba7fac7e0\"},\"breadcrumb\":{\"@id\":\"https:\/\/prenergy.es\/ca\/prenergy-promovera-la-sostenibilidad-y-la-eficiencia-energetica-en-el-poligono-industrial-de-riudellots-de-la-selva\/#breadcrumb\"},\"inLanguage\":\"ca\",\"potentialAction\":[{\"@type\":\"ReadAction\",\"target\":[\"https:\/\/prenergy.es\/ca\/prenergy-promovera-la-sostenibilidad-y-la-eficiencia-energetica-en-el-poligono-industrial-de-riudellots-de-la-selva\/\"]}]},{\"@type\":\"ImageObject\",\"inLanguage\":\"ca\",\"@id\":\"https:\/\/prenergy.es\/ca\/prenergy-promovera-la-sostenibilidad-y-la-eficiencia-energetica-en-el-poligono-industrial-de-riudellots-de-la-selva\/#primaryimage\",\"url\":\"https:\/\/prenergy.es\/wp-content\/uploads\/2024\/03\/El-texto-del-parrafo.jpg\",\"contentUrl\":\"https:\/\/prenergy.es\/wp-content\/uploads\/2024\/03\/El-texto-del-parrafo.jpg\",\"width\":1024,\"height\":768},{\"@type\":\"BreadcrumbList\",\"@id\":\"https:\/\/prenergy.es\/ca\/prenergy-promovera-la-sostenibilidad-y-la-eficiencia-energetica-en-el-poligono-industrial-de-riudellots-de-la-selva\/#breadcrumb\",\"itemListElement\":[{\"@type\":\"ListItem\",\"position\":1,\"name\":\"Portada\",\"item\":\"https:\/\/prenergy.es\/ca\/\"},{\"@type\":\"ListItem\",\"position\":2,\"name\":\"Prenergy promour\u00e0 la sostenibilitat i l&#8217;efici\u00e8ncia energ\u00e8tica al pol\u00edgon industrial de Riudellots de la Selva\"}]},{\"@type\":\"WebSite\",\"@id\":\"https:\/\/prenergy.es\/ca\/#website\",\"url\":\"https:\/\/prenergy.es\/ca\/\",\"name\":\"PRENERGY\",\"description\":\"Prime Rubau Energy\",\"potentialAction\":[{\"@type\":\"SearchAction\",\"target\":{\"@type\":\"EntryPoint\",\"urlTemplate\":\"https:\/\/prenergy.es\/ca\/?s={search_term_string}\"},\"query-input\":{\"@type\":\"PropertyValueSpecification\",\"valueRequired\":true,\"valueName\":\"search_term_string\"}}],\"inLanguage\":\"ca\"},{\"@type\":\"Person\",\"@id\":\"https:\/\/prenergy.es\/ca\/#\/schema\/person\/9dc7fcae2034c37262ea672ba7fac7e0\",\"name\":\"prenergy\",\"image\":{\"@type\":\"ImageObject\",\"inLanguage\":\"ca\",\"@id\":\"https:\/\/secure.gravatar.com\/avatar\/b021abf70e4f6f397fcc5c00fd63f82678f67ddc6ecf6837f7205ef9a8789856?s=96&d=mm&r=g\",\"url\":\"https:\/\/secure.gravatar.com\/avatar\/b021abf70e4f6f397fcc5c00fd63f82678f67ddc6ecf6837f7205ef9a8789856?s=96&d=mm&r=g\",\"contentUrl\":\"https:\/\/secure.gravatar.com\/avatar\/b021abf70e4f6f397fcc5c00fd63f82678f67ddc6ecf6837f7205ef9a8789856?s=96&d=mm&r=g\",\"caption\":\"prenergy\"},\"url\":\"https:\/\/prenergy.es\/ca\/author\/prenergy\/\"}]}<\/script>\n<!-- \/ Yoast SEO plugin. -->","yoast_head_json":{"title":"Prenergy promour\u00e0 la sostenibilitat i l'efici\u00e8ncia energ\u00e8tica al pol\u00edgon industrial de Riudellots de la Selva - PRENERGY","robots":{"index":"index","follow":"follow","max-snippet":"max-snippet:-1","max-image-preview":"max-image-preview:large","max-video-preview":"max-video-preview:-1"},"canonical":"https:\/\/prenergy.es\/ca\/prenergy-promovera-la-sostenibilidad-y-la-eficiencia-energetica-en-el-poligono-industrial-de-riudellots-de-la-selva\/","og_locale":"ca_ES","og_type":"article","og_title":"Prenergy promour\u00e0 la sostenibilitat i l'efici\u00e8ncia energ\u00e8tica al pol\u00edgon industrial de Riudellots de la Selva - PRENERGY","og_description":"Prenergy, juntament amb Solventa 6, ha signat un acord amb l&#8217;Associaci\u00f3 de Propietaris del Pol\u00edgon Industrial de Riudellots de la Selva per promoure l&#8217;economia circular i millorar l&#8217;efici\u00e8ncia energ\u00e8tica. L&#8217;Associaci\u00f3 de Propietaris del Pol\u00edgon Industrial de Riudellots de la Selva (APRS), amb l&#8217;objectiu de fomentar...","og_url":"https:\/\/prenergy.es\/ca\/prenergy-promovera-la-sostenibilidad-y-la-eficiencia-energetica-en-el-poligono-industrial-de-riudellots-de-la-selva\/","og_site_name":"PRENERGY","article_published_time":"2024-03-01T08:25:15+00:00","article_modified_time":"2024-03-01T08:27:28+00:00","og_image":[{"width":1024,"height":768,"url":"https:\/\/prenergy.es\/wp-content\/uploads\/2024\/03\/El-texto-del-parrafo.jpg","type":"image\/jpeg"}],"author":"prenergy","twitter_card":"summary_large_image","twitter_misc":{"Escrit per":"prenergy","Temps estimat de lectura":"3 minuts"},"schema":{"@context":"https:\/\/schema.org","@graph":[{"@type":"Article","@id":"https:\/\/prenergy.es\/ca\/prenergy-promovera-la-sostenibilidad-y-la-eficiencia-energetica-en-el-poligono-industrial-de-riudellots-de-la-selva\/#article","isPartOf":{"@id":"https:\/\/prenergy.es\/ca\/prenergy-promovera-la-sostenibilidad-y-la-eficiencia-energetica-en-el-poligono-industrial-de-riudellots-de-la-selva\/"},"author":{"name":"prenergy","@id":"https:\/\/prenergy.es\/ca\/#\/schema\/person\/9dc7fcae2034c37262ea672ba7fac7e0"},"headline":"Prenergy promour\u00e0 la sostenibilitat i l&#8217;efici\u00e8ncia energ\u00e8tica al pol\u00edgon industrial de Riudellots de la Selva","datePublished":"2024-03-01T08:25:15+00:00","dateModified":"2024-03-01T08:27:28+00:00","mainEntityOfPage":{"@id":"https:\/\/prenergy.es\/ca\/prenergy-promovera-la-sostenibilidad-y-la-eficiencia-energetica-en-el-poligono-industrial-de-riudellots-de-la-selva\/"},"wordCount":640,"commentCount":0,"image":{"@id":"https:\/\/prenergy.es\/ca\/prenergy-promovera-la-sostenibilidad-y-la-eficiencia-energetica-en-el-poligono-industrial-de-riudellots-de-la-selva\/#primaryimage"},"thumbnailUrl":"https:\/\/prenergy.es\/wp-content\/uploads\/2024\/03\/El-texto-del-parrafo.jpg","articleSection":["Sin categorizar"],"inLanguage":"ca","potentialAction":[{"@type":"CommentAction","name":"Comment","target":["https:\/\/prenergy.es\/ca\/prenergy-promovera-la-sostenibilidad-y-la-eficiencia-energetica-en-el-poligono-industrial-de-riudellots-de-la-selva\/#respond"]}]},{"@type":"WebPage","@id":"https:\/\/prenergy.es\/ca\/prenergy-promovera-la-sostenibilidad-y-la-eficiencia-energetica-en-el-poligono-industrial-de-riudellots-de-la-selva\/","url":"https:\/\/prenergy.es\/ca\/prenergy-promovera-la-sostenibilidad-y-la-eficiencia-energetica-en-el-poligono-industrial-de-riudellots-de-la-selva\/","name":"Prenergy promour\u00e0 la sostenibilitat i l'efici\u00e8ncia energ\u00e8tica al pol\u00edgon industrial de Riudellots de la Selva - PRENERGY","isPartOf":{"@id":"https:\/\/prenergy.es\/ca\/#website"},"primaryImageOfPage":{"@id":"https:\/\/prenergy.es\/ca\/prenergy-promovera-la-sostenibilidad-y-la-eficiencia-energetica-en-el-poligono-industrial-de-riudellots-de-la-selva\/#primaryimage"},"image":{"@id":"https:\/\/prenergy.es\/ca\/prenergy-promovera-la-sostenibilidad-y-la-eficiencia-energetica-en-el-poligono-industrial-de-riudellots-de-la-selva\/#primaryimage"},"thumbnailUrl":"https:\/\/prenergy.es\/wp-content\/uploads\/2024\/03\/El-texto-del-parrafo.jpg","datePublished":"2024-03-01T08:25:15+00:00","dateModified":"2024-03-01T08:27:28+00:00","author":{"@id":"https:\/\/prenergy.es\/ca\/#\/schema\/person\/9dc7fcae2034c37262ea672ba7fac7e0"},"breadcrumb":{"@id":"https:\/\/prenergy.es\/ca\/prenergy-promovera-la-sostenibilidad-y-la-eficiencia-energetica-en-el-poligono-industrial-de-riudellots-de-la-selva\/#breadcrumb"},"inLanguage":"ca","potentialAction":[{"@type":"ReadAction","target":["https:\/\/prenergy.es\/ca\/prenergy-promovera-la-sostenibilidad-y-la-eficiencia-energetica-en-el-poligono-industrial-de-riudellots-de-la-selva\/"]}]},{"@type":"ImageObject","inLanguage":"ca","@id":"https:\/\/prenergy.es\/ca\/prenergy-promovera-la-sostenibilidad-y-la-eficiencia-energetica-en-el-poligono-industrial-de-riudellots-de-la-selva\/#primaryimage","url":"https:\/\/prenergy.es\/wp-content\/uploads\/2024\/03\/El-texto-del-parrafo.jpg","contentUrl":"https:\/\/prenergy.es\/wp-content\/uploads\/2024\/03\/El-texto-del-parrafo.jpg","width":1024,"height":768},{"@type":"BreadcrumbList","@id":"https:\/\/prenergy.es\/ca\/prenergy-promovera-la-sostenibilidad-y-la-eficiencia-energetica-en-el-poligono-industrial-de-riudellots-de-la-selva\/#breadcrumb","itemListElement":[{"@type":"ListItem","position":1,"name":"Portada","item":"https:\/\/prenergy.es\/ca\/"},{"@type":"ListItem","position":2,"name":"Prenergy promour\u00e0 la sostenibilitat i l&#8217;efici\u00e8ncia energ\u00e8tica al pol\u00edgon industrial de Riudellots de la Selva"}]},{"@type":"WebSite","@id":"https:\/\/prenergy.es\/ca\/#website","url":"https:\/\/prenergy.es\/ca\/","name":"PRENERGY","description":"Prime Rubau Energy","potentialAction":[{"@type":"SearchAction","target":{"@type":"EntryPoint","urlTemplate":"https:\/\/prenergy.es\/ca\/?s={search_term_string}"},"query-input":{"@type":"PropertyValueSpecification","valueRequired":true,"valueName":"search_term_string"}}],"inLanguage":"ca"},{"@type":"Person","@id":"https:\/\/prenergy.es\/ca\/#\/schema\/person\/9dc7fcae2034c37262ea672ba7fac7e0","name":"prenergy","image":{"@type":"ImageObject","inLanguage":"ca","@id":"https:\/\/secure.gravatar.com\/avatar\/b021abf70e4f6f397fcc5c00fd63f82678f67ddc6ecf6837f7205ef9a8789856?s=96&d=mm&r=g","url":"https:\/\/secure.gravatar.com\/avatar\/b021abf70e4f6f397fcc5c00fd63f82678f67ddc6ecf6837f7205ef9a8789856?s=96&d=mm&r=g","contentUrl":"https:\/\/secure.gravatar.com\/avatar\/b021abf70e4f6f397fcc5c00fd63f82678f67ddc6ecf6837f7205ef9a8789856?s=96&d=mm&r=g","caption":"prenergy"},"url":"https:\/\/prenergy.es\/ca\/author\/prenergy\/"}]}},"jetpack_featured_media_url":"https:\/\/prenergy.es\/wp-content\/uploads\/2024\/03\/El-texto-del-parrafo.jpg","jetpack_sharing_enabled":true,"_links":{"self":[{"href":"https:\/\/prenergy.es\/ca\/wp-json\/wp\/v2\/posts\/958","targetHints":{"allow":["GET"]}}],"collection":[{"href":"https:\/\/prenergy.es\/ca\/wp-json\/wp\/v2\/posts"}],"about":[{"href":"https:\/\/prenergy.es\/ca\/wp-json\/wp\/v2\/types\/post"}],"author":[{"embeddable":true,"href":"https:\/\/prenergy.es\/ca\/wp-json\/wp\/v2\/users\/2"}],"replies":[{"embeddable":true,"href":"https:\/\/prenergy.es\/ca\/wp-json\/wp\/v2\/comments?post=958"}],"version-history":[{"count":2,"href":"https:\/\/prenergy.es\/ca\/wp-json\/wp\/v2\/posts\/958\/revisions"}],"predecessor-version":[{"id":961,"href":"https:\/\/prenergy.es\/ca\/wp-json\/wp\/v2\/posts\/958\/revisions\/961"}],"wp:featuredmedia":[{"embeddable":true,"href":"https:\/\/prenergy.es\/ca\/wp-json\/wp\/v2\/media\/955"}],"wp:attachment":[{"href":"https:\/\/prenergy.es\/ca\/wp-json\/wp\/v2\/media?parent=958"}],"wp:term":[{"taxonomy":"category","embeddable":true,"href":"https:\/\/prenergy.es\/ca\/wp-json\/wp\/v2\/categories?post=958"},{"taxonomy":"post_tag","embeddable":true,"href":"https:\/\/prenergy.es\/ca\/wp-json\/wp\/v2\/tags?post=958"}],"curies":[{"name":"wp","href":"https:\/\/api.w.org\/{rel}","templated":true}]}}